{"id":1751,"date":"2024-02-22T11:08:40","date_gmt":"2024-02-22T10:08:40","guid":{"rendered":"https:\/\/monblanc-gers.com\/?p=1751"},"modified":"2024-02-22T11:16:54","modified_gmt":"2024-02-22T10:16:54","slug":"creation-dune-association-pour-la-sauvegarde-de-leglise-st-barthelemy","status":"publish","type":"post","link":"https:\/\/monblanc-gers.com\/index.php\/2024\/02\/22\/creation-dune-association-pour-la-sauvegarde-de-leglise-st-barthelemy\/","title":{"rendered":"Cr\u00e9ation d&#8217;une association pour la sauvegarde de l&#8217;\u00e9glise St Barth\u00e9l\u00e9my."},"content":{"rendered":"\n<figure class=\"wp-block-image size-large\"><img fetchpriority=\"high\" decoding=\"async\" width=\"1024\" height=\"661\" src=\"https:\/\/monblanc-gers.com\/wp-content\/uploads\/2024\/02\/Photo-JJ-Pelissier-1024x661.jpg\" alt=\"\" class=\"wp-image-1752\" srcset=\"https:\/\/monblanc-gers.com\/wp-content\/uploads\/2024\/02\/Photo-JJ-Pelissier-1024x661.jpg 1024w, https:\/\/monblanc-gers.com\/wp-content\/uploads\/2024\/02\/Photo-JJ-Pelissier-300x194.jpg 300w, https:\/\/monblanc-gers.com\/wp-content\/uploads\/2024\/02\/Photo-JJ-Pelissier-768x496.jpg 768w, https:\/\/monblanc-gers.com\/wp-content\/uploads\/2024\/02\/Photo-JJ-Pelissier-1536x991.jpg 1536w, https:\/\/monblanc-gers.com\/wp-content\/uploads\/2024\/02\/Photo-JJ-Pelissier-2048x1322.jpg 2048w\" sizes=\"(max-width: 1024px) 100vw, 1024px\" \/><\/figure>\n\n\n\n<p>Photo J.-J. Pelissier &#8211; D\u00e9p\u00eache du Midi<\/p>\n\n\n\n<p>L&#8217;\u00e9glise Saint Barth\u00e9lemy de Monblanc, longtemps ferm\u00e9e, s&#8217;appr\u00eate enfin \u00e0 rouvrir ses portes. Apr\u00e8s d&#8217;importants travaux r\u00e9alis\u00e9s par la municipalit\u00e9 afin de garantir la s\u00e9curit\u00e9 du lieu, les Monblanais vont pouvoir retrouver leur \u00e9glise. Pour concr\u00e9tiser cette initiative, une nouvelle association a r\u00e9cemment vu le jour. Cr\u00e9\u00e9e \u00e0 l&#8217;automne dernier, cette association d&#8217;int\u00e9r\u00eat g\u00e9n\u00e9ral a pour mission la pr\u00e9servation de l&#8217;\u00e9glise Saint Barth\u00e9lemy, ainsi que son entretien dans le cadre de la mise en valeur du patrimoine. L&#8217;objectif principal est de permettre une &#8220;utilisation partag\u00e9e&#8221; du lieu, conciliant la c\u00e9l\u00e9bration des offices religieux en accord avec les disponibilit\u00e9s des pr\u00eatres du dioc\u00e8se, et l&#8217;organisation d&#8217;activit\u00e9s culturelles respectueuses de la sacralit\u00e9 du lieu, telles que des concerts de musique sacr\u00e9e, des performances de gospel, des prestations d&#8217;orchestres de chambre, ainsi que des solistes instrumentaux et vocaux. Mercredi dernier, une r\u00e9union s&#8217;est tenue en \u00a0mairie pour pr\u00e9senter plus en d\u00e9tail cette initiative, qui a \u00e9t\u00e9 chaleureusement accueillie par de nombreux Monblanais. Cette rencontre a \u00e9galement \u00e9t\u00e9 l&#8217;occasion d&#8217;ouvrir le conseil d&#8217;administration \u00e0 d&#8217;autres personnes susceptibles de s&#8217;investir dans ce projet. L&#8217;Association peut d\u00e9sormais recevoir des dons de particuliers, pour lesquels elle \u00e9mettra un re\u00e7u fiscal permettant une r\u00e9duction d&#8217;imp\u00f4t de 66%, dans la limite de 20% des revenus imposables. \u00c0 ce jour, le bureau se compose comme suit : Pr\u00e9sident &#8211; Jean Beidner, Secr\u00e9taire &#8211; Corinne S\u00e9ri\u00e9, Tr\u00e9sorier &#8211; Jean-Louis S\u00e9ri\u00e9, Administrateur &#8211; Patrick Dumont, Membre de droit &#8211; Alain Gateau.<\/p>\n","protected":false},"excerpt":{"rendered":"<p>L&#8217;\u00e9glise Saint Barth\u00e9lemy de Monblanc, longtemps ferm\u00e9e, s&#8217;appr\u00eate enfin \u00e0 rouvrir ses portes. Apr\u00e8s d&#8217;importants travaux r\u00e9alis\u00e9s par la municipalit\u00e9 afin de garantir la s\u00e9curit\u00e9 du lieu, les Monblanais vont pouvoir retrouver leur \u00e9glise. Pour concr\u00e9tiser cette initiative, une nouvelle association a r\u00e9cemment vu le jour. Cr\u00e9\u00e9e \u00e0 l&#8217;automne dernier, cette association d&#8217;int\u00e9r\u00eat g\u00e9n\u00e9ral a pour mission la pr\u00e9servation de l&#8217;\u00e9glise Saint Barth\u00e9lemy, ainsi que son entretien dans le cadre de la mise en valeur du patrimoine&#8230;. Lire l&#8217;article ici <\/p>\n","protected":false},"author":1,"featured_media":1752,"comment_status":"closed","ping_status":"","sticky":false,"template":"","format":"standard","meta":{"om_disable_all_campaigns":false,"footnotes":""},"categories":[23,1],"tags":[],"class_list":["post-1751","post","type-post","status-publish","format-standard","has-post-thumbnail","hentry","category-eglise","category-non-classe"],"_links":{"self":[{"href":"https:\/\/monblanc-gers.com\/index.php\/wp-json\/wp\/v2\/posts\/1751","targetHints":{"allow":["GET"]}}],"collection":[{"href":"https:\/\/monblanc-gers.com\/index.php\/wp-json\/wp\/v2\/posts"}],"about":[{"href":"https:\/\/monblanc-gers.com\/index.php\/wp-json\/wp\/v2\/types\/post"}],"author":[{"embeddable":true,"href":"https:\/\/monblanc-gers.com\/index.php\/wp-json\/wp\/v2\/users\/1"}],"replies":[{"embeddable":true,"href":"https:\/\/monblanc-gers.com\/index.php\/wp-json\/wp\/v2\/comments?post=1751"}],"version-history":[{"count":3,"href":"https:\/\/monblanc-gers.com\/index.php\/wp-json\/wp\/v2\/posts\/1751\/revisions"}],"predecessor-version":[{"id":1756,"href":"https:\/\/monblanc-gers.com\/index.php\/wp-json\/wp\/v2\/posts\/1751\/revisions\/1756"}],"wp:featuredmedia":[{"embeddable":true,"href":"https:\/\/monblanc-gers.com\/index.php\/wp-json\/wp\/v2\/media\/1752"}],"wp:attachment":[{"href":"https:\/\/monblanc-gers.com\/index.php\/wp-json\/wp\/v2\/media?parent=1751"}],"wp:term":[{"taxonomy":"category","embeddable":true,"href":"https:\/\/monblanc-gers.com\/index.php\/wp-json\/wp\/v2\/categories?post=1751"},{"taxonomy":"post_tag","embeddable":true,"href":"https:\/\/monblanc-gers.com\/index.php\/wp-json\/wp\/v2\/tags?post=1751"}],"curies":[{"name":"wp","href":"https:\/\/api.w.org\/{rel}","templated":true}]}}