{"id":1929,"date":"2024-08-13T20:38:24","date_gmt":"2024-08-13T18:38:24","guid":{"rendered":"https:\/\/monblanc-gers.com\/?p=1929"},"modified":"2024-08-13T20:54:55","modified_gmt":"2024-08-13T18:54:55","slug":"la-fibre-arrive-sur-monblanc","status":"publish","type":"post","link":"https:\/\/monblanc-gers.com\/index.php\/2024\/08\/13\/la-fibre-arrive-sur-monblanc\/","title":{"rendered":"La Fibre arrive sur Monblanc !"},"content":{"rendered":"\n<p class=\"has-text-align-left has-black-color has-text-color has-link-color has-large-font-size wp-elements-630e89157525bcaf1cfeeed9236378c9\"><strong>R\u00e9union mardi 27 ao\u00fbt 2024<\/strong><\/p>\n\n\n\n<p class=\"has-text-align-left has-black-color has-text-color has-link-color has-large-font-size wp-elements-edd60c9a03df29d9c0cc4ee1530715b8\"><strong>de 9h30 \u00e0 12h30 \u00e0 la salle des associations<\/strong><\/p>\n\n\n\n<figure class=\"wp-block-image size-large\"><img fetchpriority=\"high\" decoding=\"async\" width=\"708\" height=\"1024\" src=\"https:\/\/monblanc-gers.com\/wp-content\/uploads\/2024\/08\/fibre-3-708x1024.jpg\" alt=\"\" class=\"wp-image-1930\" srcset=\"https:\/\/monblanc-gers.com\/wp-content\/uploads\/2024\/08\/fibre-3-708x1024.jpg 708w, https:\/\/monblanc-gers.com\/wp-content\/uploads\/2024\/08\/fibre-3-208x300.jpg 208w, https:\/\/monblanc-gers.com\/wp-content\/uploads\/2024\/08\/fibre-3-768x1110.jpg 768w, https:\/\/monblanc-gers.com\/wp-content\/uploads\/2024\/08\/fibre-3-1063x1536.jpg 1063w, https:\/\/monblanc-gers.com\/wp-content\/uploads\/2024\/08\/fibre-3-1417x2048.jpg 1417w, https:\/\/monblanc-gers.com\/wp-content\/uploads\/2024\/08\/fibre-3.jpg 1580w\" sizes=\"(max-width: 708px) 100vw, 708px\" \/><\/figure>\n\n\n\n<p class=\"has-black-color has-text-color has-link-color has-large-font-size wp-elements-ec9453c049721be086790e115dc139e6\"><strong>Plus d&#8217;infos ci-dessous !<\/strong><\/p>\n\n\n\n<p><a href=\"https:\/\/monblanc-gers.com\/wp-content\/uploads\/2024\/08\/fibre.pdf\">https:\/\/monblanc-gers.com\/wp-content\/uploads\/2024\/08\/fibre.pdf<\/a><\/p>\n\n\n\n<p><\/p>\n","protected":false},"excerpt":{"rendered":"<p>R\u00e9union mardi 27 ao\u00fbt 2024 de 9h30 \u00e0 12h30 \u00e0 la salle des associations Plus d&#8217;infos ci-dessous ! https:\/\/monblanc-gers.com\/wp-content\/uploads\/2024\/08\/fibre.pdf<\/p>\n","protected":false},"author":1,"featured_media":1940,"comment_status":"closed","ping_status":"","sticky":false,"template":"","format":"standard","meta":{"om_disable_all_campaigns":false,"footnotes":""},"categories":[25],"tags":[],"class_list":["post-1929","post","type-post","status-publish","format-standard","has-post-thumbnail","hentry","category-fibre"],"_links":{"self":[{"href":"https:\/\/monblanc-gers.com\/index.php\/wp-json\/wp\/v2\/posts\/1929","targetHints":{"allow":["GET"]}}],"collection":[{"href":"https:\/\/monblanc-gers.com\/index.php\/wp-json\/wp\/v2\/posts"}],"about":[{"href":"https:\/\/monblanc-gers.com\/index.php\/wp-json\/wp\/v2\/types\/post"}],"author":[{"embeddable":true,"href":"https:\/\/monblanc-gers.com\/index.php\/wp-json\/wp\/v2\/users\/1"}],"replies":[{"embeddable":true,"href":"https:\/\/monblanc-gers.com\/index.php\/wp-json\/wp\/v2\/comments?post=1929"}],"version-history":[{"count":9,"href":"https:\/\/monblanc-gers.com\/index.php\/wp-json\/wp\/v2\/posts\/1929\/revisions"}],"predecessor-version":[{"id":1942,"href":"https:\/\/monblanc-gers.com\/index.php\/wp-json\/wp\/v2\/posts\/1929\/revisions\/1942"}],"wp:featuredmedia":[{"embeddable":true,"href":"https:\/\/monblanc-gers.com\/index.php\/wp-json\/wp\/v2\/media\/1940"}],"wp:attachment":[{"href":"https:\/\/monblanc-gers.com\/index.php\/wp-json\/wp\/v2\/media?parent=1929"}],"wp:term":[{"taxonomy":"category","embeddable":true,"href":"https:\/\/monblanc-gers.com\/index.php\/wp-json\/wp\/v2\/categories?post=1929"},{"taxonomy":"post_tag","embeddable":true,"href":"https:\/\/monblanc-gers.com\/index.php\/wp-json\/wp\/v2\/tags?post=1929"}],"curies":[{"name":"wp","href":"https:\/\/api.w.org\/{rel}","templated":true}]}}