{"id":2132,"date":"2025-07-22T16:11:48","date_gmt":"2025-07-22T14:11:48","guid":{"rendered":"https:\/\/monblanc-gers.com\/?p=2132"},"modified":"2025-07-22T16:27:18","modified_gmt":"2025-07-22T14:27:18","slug":"recherche-emploi-civique","status":"publish","type":"post","link":"https:\/\/monblanc-gers.com\/index.php\/2025\/07\/22\/recherche-emploi-civique\/","title":{"rendered":"Recherche emploi civique"},"content":{"rendered":"\n<figure class=\"wp-block-image size-full is-resized\"><img fetchpriority=\"high\" decoding=\"async\" width=\"512\" height=\"512\" src=\"https:\/\/monblanc-gers.com\/wp-content\/uploads\/2023\/03\/cropped-Logo-Monblanc-40-1.jpg\" alt=\"\" class=\"wp-image-34\" style=\"width:156px;height:auto\" srcset=\"https:\/\/monblanc-gers.com\/wp-content\/uploads\/2023\/03\/cropped-Logo-Monblanc-40-1.jpg 512w, https:\/\/monblanc-gers.com\/wp-content\/uploads\/2023\/03\/cropped-Logo-Monblanc-40-1-300x300.jpg 300w, https:\/\/monblanc-gers.com\/wp-content\/uploads\/2023\/03\/cropped-Logo-Monblanc-40-1-150x150.jpg 150w, https:\/\/monblanc-gers.com\/wp-content\/uploads\/2023\/03\/cropped-Logo-Monblanc-40-1-270x270.jpg 270w, https:\/\/monblanc-gers.com\/wp-content\/uploads\/2023\/03\/cropped-Logo-Monblanc-40-1-192x192.jpg 192w, https:\/\/monblanc-gers.com\/wp-content\/uploads\/2023\/03\/cropped-Logo-Monblanc-40-1-180x180.jpg 180w, https:\/\/monblanc-gers.com\/wp-content\/uploads\/2023\/03\/cropped-Logo-Monblanc-40-1-32x32.jpg 32w\" sizes=\"(max-width: 512px) 100vw, 512px\" \/><\/figure>\n\n\n\n<p class=\"has-medium-font-size\">La Mairie de Monblanc recherche un emploi civique pour l&#8217;\u00e9cole communale du village pour la rentr\u00e9e prochaine (\u00e0 partir du 8 septembre 2025). <\/p>\n\n\n\n<p class=\"has-medium-font-size\"><a href=\"https:\/\/monblanc-gers.com\/wp-content\/uploads\/2025\/07\/emploi-proposition-de-mission-de-service-civique-ecole-de-Monblanc.pdf\">Plus d&#8217;information ici<\/a><\/p>\n\n\n\n<figure class=\"wp-block-image size-large\"><img decoding=\"async\" width=\"1024\" height=\"682\" src=\"https:\/\/monblanc-gers.com\/wp-content\/uploads\/2025\/07\/Carnaval-Monblanc-3-1160x773-1-1024x682.jpg\" alt=\"\" class=\"wp-image-2134\" srcset=\"https:\/\/monblanc-gers.com\/wp-content\/uploads\/2025\/07\/Carnaval-Monblanc-3-1160x773-1-1024x682.jpg 1024w, https:\/\/monblanc-gers.com\/wp-content\/uploads\/2025\/07\/Carnaval-Monblanc-3-1160x773-1-300x200.jpg 300w, https:\/\/monblanc-gers.com\/wp-content\/uploads\/2025\/07\/Carnaval-Monblanc-3-1160x773-1-768x512.jpg 768w, https:\/\/monblanc-gers.com\/wp-content\/uploads\/2025\/07\/Carnaval-Monblanc-3-1160x773-1.jpg 1160w\" sizes=\"(max-width: 1024px) 100vw, 1024px\" \/><\/figure>\n","protected":false},"excerpt":{"rendered":"<p>La Mairie de Monblanc recherche un emploi civique pour l&#8217;\u00e9cole communale du village pour la rentr\u00e9e prochaine (\u00e0 partir du 8 septembre 2025). Plus d&#8217;information ici<\/p>\n","protected":false},"author":1,"featured_media":2134,"comment_status":"closed","ping_status":"","sticky":false,"template":"","format":"standard","meta":{"om_disable_all_campaigns":false,"footnotes":""},"categories":[33],"tags":[],"class_list":["post-2132","post","type-post","status-publish","format-standard","has-post-thumbnail","hentry","category-emploi-civique"],"_links":{"self":[{"href":"https:\/\/monblanc-gers.com\/index.php\/wp-json\/wp\/v2\/posts\/2132","targetHints":{"allow":["GET"]}}],"collection":[{"href":"https:\/\/monblanc-gers.com\/index.php\/wp-json\/wp\/v2\/posts"}],"about":[{"href":"https:\/\/monblanc-gers.com\/index.php\/wp-json\/wp\/v2\/types\/post"}],"author":[{"embeddable":true,"href":"https:\/\/monblanc-gers.com\/index.php\/wp-json\/wp\/v2\/users\/1"}],"replies":[{"embeddable":true,"href":"https:\/\/monblanc-gers.com\/index.php\/wp-json\/wp\/v2\/comments?post=2132"}],"version-history":[{"count":3,"href":"https:\/\/monblanc-gers.com\/index.php\/wp-json\/wp\/v2\/posts\/2132\/revisions"}],"predecessor-version":[{"id":2137,"href":"https:\/\/monblanc-gers.com\/index.php\/wp-json\/wp\/v2\/posts\/2132\/revisions\/2137"}],"wp:featuredmedia":[{"embeddable":true,"href":"https:\/\/monblanc-gers.com\/index.php\/wp-json\/wp\/v2\/media\/2134"}],"wp:attachment":[{"href":"https:\/\/monblanc-gers.com\/index.php\/wp-json\/wp\/v2\/media?parent=2132"}],"wp:term":[{"taxonomy":"category","embeddable":true,"href":"https:\/\/monblanc-gers.com\/index.php\/wp-json\/wp\/v2\/categories?post=2132"},{"taxonomy":"post_tag","embeddable":true,"href":"https:\/\/monblanc-gers.com\/index.php\/wp-json\/wp\/v2\/tags?post=2132"}],"curies":[{"name":"wp","href":"https:\/\/api.w.org\/{rel}","templated":true}]}}